{"id":150,"date":"2015-11-12T13:49:10","date_gmt":"2015-11-12T13:49:10","guid":{"rendered":"http:\/\/www.rozwody-adwokat.com.pl\/?p=150"},"modified":"2015-11-12T13:49:10","modified_gmt":"2015-11-12T13:49:10","slug":"przemoc-w-rodzinie","status":"publish","type":"post","link":"http:\/\/rozwody-adwokat.com.pl\/?p=150","title":{"rendered":"Przemoc w rodzinie"},"content":{"rendered":"<h2>Psychiczne i fizyczne zn\u0119canie si\u0119 nad cz\u0142onkami najbli\u017cszej rodziny<\/h2>\n<h3>Kogo zawiadomi\u0107 o zn\u0119caniu?<\/h3>\n<p>Przest\u0119pstwo zn\u0119cania si\u0119 jest przest\u0119pstwem \u015bciganym z urz\u0119du co oznacza, \u017ce nie trzeba sk\u0142ada\u0107 wniosku, aby policja rozpocz\u0119\u0142a dochodzenie. Ka\u017cda osoba, nawet obca, kt\u00f3rej wiadomo, \u017ce takie przest\u0119pstwo wyst\u0119puje albo wyst\u0105pi\u0142o, mo\u017ce zawiadomi\u0107 o tym policj\u0119 lub prokuratora. Organy \u015bcigania maj\u0105 obowi\u0105zek wszcz\u0105\u0107 post\u0119powania po otrzymaniu takiego zawiadomienia. Zawiadomienie o przest\u0119pstwie nale\u017cy z\u0142o\u017cy\u0107 w prokuraturze rejonowej w tej dzielnicy lub miejscowo\u015bci, w kt\u00f3rej pope\u0142niono przest\u0119pstwo b\u0105d\u017a w najbli\u017cszej komendzie policji w formie pisemnej lub w formie ustnej spisanej do protoko\u0142u przez funkcjonariusza policji.<\/p>\n<p><img loading=\"lazy\" decoding=\"async\" class=\"aligncenter wp-image-191 size-full\" src=\"http:\/\/www.rozwody-adwokat.com.pl\/wp-content\/uploads\/2015\/11\/przemoc-w-rodzinie.jpg\" alt=\"przemoc w rodzinie\" width=\"425\" height=\"283\" \/><\/p>\n<p>Aby post\u0119powanie nie zosta\u0142o umorzone konieczne jest zgromadzenie odpowiednich dowod\u00f3w. Dowodami w tej sprawie mog\u0105 by\u0107:<\/p>\n<ul>\n<li>zeznania \u015bwiadk\u00f3w \u2013 os\u00f3b, kt\u00f3re mog\u0142y widzie\u0107, s\u0142ysze\u0107 lub wiedz\u0105 cokolwiek w zwi\u0105zku z pope\u0142nionym przest\u0119pstwem np. s\u0105siedzi (zgodnie z przepisami zasadniczo \u015bwiadek nie ma prawa odm\u00f3wi\u0107 zezna\u0144 je\u015bli nie jest osob\u0105 najbli\u017csz\u0105); je\u015bli \u015bwiadek mimo wezwania nie stawia si\u0119 na rozprawy w\u00f3wczas mo\u017ce zosta\u0107 doprowadzony przymusowo w celu z\u0142o\u017cenia zezna\u0144<\/li>\n<li>za\u015bwiadczenie lekarskie \u2013 w post\u0119powaniu karnym nosi ono nazw\u0119 <strong>obdukcji<\/strong>, lekarz medycyny s\u0105dowej opisuje obra\u017cenia cia\u0142a oraz czas trwania upo\u015bledzenia czynno\u015bci narz\u0105du cia\u0142a lub rozstroju zdrowia, koszt takiego badania ponosi ofiara przest\u0119pstwa<\/li>\n<li>dokumentacja lekarska dotycz\u0105ca leczenia po pobiciu<\/li>\n<li>dowody rzeczowe w postaci zniszczonej odzie\u017cy, przedmiot\u00f3w, \u015blad\u00f3w krwi na ubraniu itp<\/li>\n<li>zdj\u0119cia, nagrania audio i video, e-maile, sms-y<\/li>\n<li>zeznania policjanta, kt\u00f3ry zosta\u0142 wezwany na interwencj\u0119<\/li>\n<\/ul>\n<h3>Co to jest niebieska karta?<\/h3>\n<p><strong>Niebieska karta<\/strong> jest jednym z g\u0142\u00f3wnych dowod\u00f3w na zn\u0119canie si\u0119. Okre\u015bla m.in. spos\u00f3b post\u0119powania i wymagania zwi\u0105zane ze sporz\u0105dzeniem dokumentacji z przeprowadzonych interwencji domowych. Mo\u017ce ona zosta\u0107 za\u0142o\u017cona przez Policj\u0119, O\u015brodek Pomocy Spo\u0142ecznej, jak i Gminn\u0105 Komisj\u0119 Rozwi\u0105zywania Problem\u00f3w Alkoholowych. Sk\u0142ada si\u0119 z Karty A i Karty B. Karta A zwana jest inaczej \u201enotatk\u0105 urz\u0119dow\u0105 o przemocy w rodzinie\u201d. Powinna by\u0107 ona sporz\u0105dzona ka\u017cdorazowo ( za ka\u017cdym razem nowa \u201eniebieska karta\u201d) przez policjant\u00f3w podejmuj\u0105cych interwencj\u0119 w przypadkach przemocy w rodzinie, gdy\u017c jest to swoisty dow\u00f3d na rozci\u0105gni\u0119te w czasie zn\u0119canie si\u0119. Karta B zawiera informacje dla <a href=\"http:\/\/www.rozwody-adwokat.com.pl\/liczba-ofiar-przemocy\/\">ofiary przemocy<\/a> oraz poucza o prawach jakie jej przys\u0142uguj\u0105, policjanci zostawiaj\u0105 j\u0105 na miejscu interwencji. Wype\u0142niona Karta A przekazywana jest dzielnicowemu, kt\u00f3ry powinien nawi\u0105za\u0107 niezw\u0142ocznie, tzn. nie p\u00f3\u017aniej ni\u017c w terminie 7 dni od otrzymania Karty A, bezpo\u015bredni kontakt z rodzin\u0105, w kt\u00f3rej dochodzi do zjawiska przemocy. Dzielnicowy po rozpoznaniu sytuacji w rodzinie, w kt\u00f3rej dochodzi do przemocy domowej, powinien ustali\u0107 rodzaj i charakter potrzebnych dzia\u0142a\u0144 pomocowych. Wype\u0142nienie \u201eNiebieskiej Karty\u201d nie jest jednak r\u00f3wnoznaczne ze z\u0142o\u017ceniem zawiadomienia o pope\u0142nieniu przest\u0119pstwa, nie stanowi podstawy do wszcz\u0119cia post\u0119powania karnego. W przypadku jednak z\u0142o\u017cenia zawiadomienia i wszcz\u0119cia post\u0119powania mo\u017ce ona zosta\u0107 wykorzystana jako dow\u00f3d procesowy.<\/p>\n<h3>Jaka kara grozi za zn\u0119canie si\u0119?<\/h3>\n<p>Przest\u0119pstwo zn\u0119cania si\u0119 jest zagro\u017cone kar\u0105 pozbawienia wolno\u015bci od 3 miesi\u0119cy do 5 lat. Je\u015bli natomiast mamy do czynienia ze zn\u0119caniem si\u0119 po\u0142\u0105czonym ze szczeg\u00f3lnym okrucie\u0144stwem pozbawienie wolno\u015bci mo\u017ce zosta\u0107 orzeczone na okres od roku do lat 10.<\/p>\n<p>S\u0105d Apelacyjny w Krakowie wskazuje jednak, \u017ce \u201epoj\u0119cie \u201eszczeg\u00f3lnego okrucie\u0144stwa\u201d ma charakter ocenny. Winno by\u0107 odnoszone do zachowania wyj\u0105tkowo drastycznego i odra\u017caj\u0105cego, przy czym znamieniem kwalifikuj\u0105cym jest nie samo \u201eokrucie\u0144stwo\u201d (zwyk\u0142e okrucie\u0144stwo), lecz okrucie\u0144stwo \u201eszczeg\u00f3lne\u201d, kt\u00f3re jest okre\u015bleniem stopniowalnym tego znamienia (wyrok SA w Krakowie z dnia 11 lipca 2012 r. II AKa 99\/12)\u201d.<\/p>\n<p>Mo\u017ce si\u0119 tak\u017ce okaza\u0107, \u017ce z powodu fizycznego lub psychicznego zn\u0119cania si\u0119 osoba targn\u0119\u0142a si\u0119 na swoje \u017cycie \u2013 wtedy wymiar kary pozbawienia wolno\u015bci wynosi od 2 do 12 lat.<\/p>\n<p>Wymierzaj\u0105c kar\u0119 za przest\u0119pstwa okre\u015blone w art. 207 k.k. s\u0105d winien rozpatrzy\u0107 celowo\u015b\u0107 orzeczenia obok kary r\u00f3wnie\u017c \u015brodk\u00f3w karnych, okre\u015blonych w art. 39 k.k., a w szczeg\u00f3lno\u015bci pozbawienia prawa wykonywania zawodu, zajmowania okre\u015blonego stanowiska, przepadku przedmiot\u00f3w, obowi\u0105zku naprawienia szkody, nawi\u0105zki lub podania wyroku do publicznej wiadomo\u015bci.<\/p>\n<p>Przy orzeczeniu kary za przest\u0119pstwo z art. 207 k.k., je\u015bli dotyczy ono ma\u0142oletniego, mo\u017cna tak\u017ce wyst\u0105pi\u0107 do s\u0105du rodzinnego o rozwa\u017cenie celowo\u015bci orzeczenia wobec sprawcy zn\u0119cania si\u0119 <a href=\"https:\/\/www.adwokat-lodz.com.pl\/wladza-rodzicielska-i-kontakty-z-dzieckiem\">pozbawienia lub ograniczenia praw rodzicielskich<\/a> lub opieku\u0144czych (art. 51 k.k.).<\/p>\n<p>S\u0105d mo\u017ce tak\u017ce na\u0142o\u017cy\u0107 na sprawc\u0119 przest\u0119pstwa pope\u0142nionego z u\u017cyciem przemocy lub gro\u017aby bezprawnej wobec osoby najbli\u017cszej obowi\u0105zek opuszczenia lokalu zajmowanego wsp\u00f3lnie z pokrzywdzonym. S\u0105d okre\u015bla wtedy spos\u00f3b kontaktu sprawcy z pokrzywdzonym.<\/p>\n<p>Je\u017celi sprawca przemocy w rodzinie jest osob\u0105 uzale\u017cnion\u0105 zawieszaj\u0105c wykonanie kary, s\u0105d mo\u017ce zobowi\u0105za\u0107 skazanego do poddania si\u0119 leczeniu, w szczeg\u00f3lno\u015bci odwykowemu lub rehabilitacyjnemu, natomiast w ka\u017cdym przypadku s\u0105d mo\u017ce zobowi\u0105za\u0107 skazanego do poddania si\u0119 oddzia\u0142ywaniom terapeutycznym lub uczestnictwa w oddzia\u0142ywaniach korekcyjno-edukacyjnych, a tak\u017ce do powstrzymania si\u0119 od kontaktowania si\u0119 z pokrzywdzonym lub innymi osobami w okre\u015blony spos\u00f3b lub zbli\u017cania si\u0119 do pokrzywdzonego lub innych os\u00f3b.<\/p>\n<p>10 czerwca 2010 r. wprowadzono do kodeksu karnego art. 75 \u00a7 1a. Zgodnie z tym przepisem s\u0105d zarz\u0105dza wykonanie kary, je\u017celi skazany za przest\u0119pstwo pope\u0142nione z u\u017cyciem przemocy lub gro\u017aby bezprawnej wobec osoby najbli\u017cszej lub innej osoby ma\u0142oletniej zamieszkuj\u0105cych wsp\u00f3lnie ze sprawc\u0105 w okresie pr\u00f3by ra\u017c\u0105co narusza porz\u0105dek prawny, ponownie u\u017cywaj\u0105c przemocy lub gro\u017aby bezprawnej wobec osoby najbli\u017cszej lub innej osoby ma\u0142oletniej zamieszkuj\u0105cych wsp\u00f3lnie ze sprawc\u0105.<\/p>\n<p>Jest to specjalna, szybka procedura, skutkuj\u0105ca osadzeniem sprawcy przemocy, stosowana w sytuacji, gdy narusza on warunki probacyjne. Procedura ta zak\u0142ada z\u0142o\u017cenie przez kuratora s\u0105dowego wniosku o zarz\u0105dzenie wykonania warunkowo zawieszonej kary pozbawienia wolno\u015bci, b\u0105d\u017a o odwo\u0142anie warunkowego zwolnienia. Nast\u0119pnie ma miejsce zatrzymanie i przymusowe doprowadzenie skazanego na termin posiedzenia. Postanowienie wydane przez s\u0105d podlega wykonaniu z chwil\u0105 jego wydania. Ta obligatoryjna podstawa zarz\u0105dzenia wykonania kary odnosi si\u0119 jedynie do os\u00f3b, kt\u00f3re zosta\u0142y skazane za przest\u0119pstwo pope\u0142nione z u\u017cyciem przemocy lub gro\u017aby bezprawnej wobec osoby najbli\u017cszej lub innej osoby ma\u0142oletniej zamieszkuj\u0105cej wsp\u00f3lnie ze sprawc\u0105.<\/p>\n<p>Podsumowuj\u0105c \u2013 nale\u017cy pami\u0119ta\u0107, \u017ce wyst\u0119powanie zjawiska przemocy w rodzinie jest niezale\u017cne od tego jaki rozw\u00f3j intelektualny prezentuje rodzina, czy jaki status maj\u0105tkowy posiada. Przemoc mo\u017ce wyst\u0105pi\u0107 w ka\u017cdym domu. Przemoc \u2013 bez wzgl\u0119du czy fizyczna czy psychiczna dzia\u0142a niszcz\u0105co na cz\u0142owieka. Co wi\u0119cej przemoc rodzi przemoc. Dlatego nie mo\u017cna ba\u0107 si\u0119 po\u0142o\u017cy\u0107 jej kres i trzeba to zrobi\u0107 jak najszybciej, prawo bowiem chroni osoby b\u0119d\u0105ce ofiarami przemocy w rodzinie.<\/p>\n<h3>Podstawy prawne<\/h3>\n<p>Zn\u0119canie si\u0119 psychiczne i fizyczne jest powa\u017cnym problemem wyst\u0119puj\u0105cym i co gorsza nasilaj\u0105cym si\u0119 w naszym spo\u0142ecze\u0144stwie. Problematyka przemocy w rodzinie opisana jest przepisami kodeksu karnego w rozdziale XXVI \u201ePrzest\u0119pstwa przeciwko rodzinie i opiece\u201d. Zn\u0119canie si\u0119 jest zjawiskiem, kt\u00f3re wyst\u0119puje nie tylko w rodzinie, ale tak\u017ce w szkole czy w pracy. Trzeba bardzo mocno podkre\u015bli\u0107, \u017ce przemoc jest jedn\u0105 z form przest\u0119pczo\u015bci przeciwko rodzinie.<\/p>\n<p>Zn\u0119canie si\u0119 mo\u017ce mie\u0107 charakter zamierzony, jak i niezamierzony. Jest to proces d\u0142ugotrwa\u0142y. Osoba krzywdzona doznaje poczucia niesprawiedliwo\u015bci i bezsilno\u015bci. Cz\u0119sto nie ma si\u0142y przeciwstawi\u0107 si\u0119 osobie, kt\u00f3ra si\u0119 nad ni\u0105 zn\u0119ca. Jest to tak\u017ce zwi\u0105zane z faktem, \u017ce cz\u0119sto ofiar\u0105 tej przemocy jest osoba bliska. Sprawcy wybieraj\u0105 na swoje ofiary osoby s\u0142absze i bezbronne, dlatego najcz\u0119stszymi ofiarami przemocy s\u0105 dzieci. Cz\u0119sto te\u017c dochodzi do zn\u0119cania si\u0119 w zwi\u0105zku, gdzie partner zn\u0119ca si\u0119 nad partnerk\u0105 lub odwrotnie.<\/p>\n<p>Przemoc fizyczna zwi\u0105zana jest z zadawaniem b\u00f3lu, a jej efekty cz\u0119sto s\u0105 \u0142atwo zauwa\u017calne na ciele. Opr\u00f3cz \u015blad\u00f3w na ciele przemoc fizyczna pozostawia jednak tak\u017ce \u015blady w psychice. Przemoc psychiczna ma tak\u017ce zada\u0107 b\u00f3l drugiej osobie, ale bez wykorzystywania si\u0142y czy narz\u0119dzi. Jest to du\u017co bardziej wyrafinowana posta\u0107 przemocy i du\u017co ci\u0119\u017cej j\u0105 zauwa\u017cy\u0107.<\/p>\n<p>Zn\u0119canie si\u0119 psychiczne lub fizyczne, je\u015bli wype\u0142nia znamiona opisane w art. 207 k.k. b\u0119dzie r\u00f3wnie\u017c uznane za przest\u0119pstwo. Cech\u0105 charakterystyczn\u0105 tego przest\u0119pstwa jest rozci\u0105g\u0142o\u015b\u0107 w czasie, wola sprawcy oraz zale\u017cno\u015b\u0107 od sprawcy.<\/p>\n<p>Zale\u017cno\u015b\u0107 od sprawcy mo\u017ce mie\u0107 zar\u00f3wno aspekt prawny np. rodzina zast\u0119pcza, jak i faktyczny np. uczuciowy. S\u0105d Najwy\u017cszy wskaza\u0142, \u017ce \u201eStosunek zale\u017cno\u015bci od sprawcy (\u2026) zachodzi w\u00f3wczas, gdy pokrzywdzony nie jest zdolny z w\u0142asnej woli przeciwstawi\u0107 si\u0119 zn\u0119caniu i znosi je z obawy przed pogorszeniem swoich dotychczasowych warunk\u00f3w \u017cyciowych (np. utrat\u0105 pracy, \u015brodk\u00f3w utrzymania, mieszkania, roz\u0142\u0105k\u0105 lub zerwaniem wsp\u00f3\u0142\u017cycia ze sprawc\u0105). Stosunek tego rodzaju mo\u017ce istnie\u0107 z mocy prawa (np. w razie ustanowienia opieki lub umieszczenia dziecka w rodzinie zast\u0119pczej) albo na podstawie umowy (np. mi\u0119dzy pracodawc\u0105 a pracownikiem, najemc\u0105 a wynajmuj\u0105cym itp.). Mo\u017ce te\u017c wynika\u0107 z sytuacji faktycznej, stwarzaj\u0105cej dla sprawcy sposobno\u015b\u0107 zn\u0119cania si\u0119 przy wykorzystaniu nad ofiar\u0105 przewagi, jak\u0105 mu daje \u0142\u0105cz\u0105ca ich wi\u0119\u017a materialna, osobista lub uczuciowa (uchwa\u0142a SN z dnia 9 czerwca 1976 r., VI KZP 13\/75)\u201d.<\/p>\n<p>Zgodnie z wyrokiem S\u0105du Administracyjnego \u201eustawowe okre\u015blenie \u201ezn\u0119ca si\u0119\u201d oznacza dzia\u0142anie albo zaniechanie polegaj\u0105ce na umy\u015blnym zadawaniu b\u00f3lu fizycznego lub dotkliwych cierpie\u0144 moralnych, powtarzaj\u0105cym si\u0119 albo jednorazowym, lecz intensywnym i rozci\u0105gni\u0119tym w czasie (wyrok SA we Wroc\u0142awiu z dnia 8 marca 2012 r. II AKa 388\/11). Natomiast zgodnie z orzeczeniem S\u0105du Najwy\u017cszego, \u201epoj\u0119cie \u201ezn\u0119canie si\u0119\u201d na gruncie art. 207 k.k. zawiera w sobie istnienie przewagi sprawcy nad osob\u0105 pokrzywdzon\u0105, kt\u00f3rej nie mo\u017ce si\u0119 ona przeciwstawi\u0107 lub mo\u017ce to uczyni\u0107 w niewielkim stopniu. Nie jest zatem mo\u017cliwe wzajemne zn\u0119canie si\u0119 ma\u0142\u017conk\u00f3w w tym samym czasie. Nie mo\u017cna tak\u017ce m\u00f3wi\u0107 o zn\u0119caniu si\u0119, je\u017celi ustalono, \u017ce aktywno\u015b\u0107 i przedsi\u0119biorczo\u015b\u0107 pokrzywdzonej oraz jej zaradno\u015b\u0107 \u017cyciowa poddaj\u0105 w w\u0105tpliwo\u015b\u0107 fakt, \u017ce stanowi ona ofiar\u0119 przest\u0119pstwa. Przest\u0119pstwo zn\u0119cania si\u0119 zosta\u0142o w kodeksie skonstruowane jako zachowanie z regu\u0142y wielodzia\u0142aniowe. Poj\u0119cie zn\u0119cania si\u0119, w podstawowej postaci, ze swej istoty zak\u0142ada powtarzanie przez sprawc\u0119 w pewnym przedziale czasu zachowa\u0144 skierowanych wobec pokrzywdzonego. Zatem, poza szczeg\u00f3lnymi przypadkami, dopiero pewna suma tych zachowa\u0144 decyduje o wyczerpaniu znamion przest\u0119pstwa z art. 207 \u00a7 1 k.k. (wyrok SN z dnia 12 grudnia 2006 r. IV KK 395\/2006).<\/p>\n","protected":false},"excerpt":{"rendered":"<p>Psychiczne i fizyczne zn\u0119canie si\u0119 nad cz\u0142onkami najbli\u017cszej rodziny Kogo zawiadomi\u0107 o zn\u0119caniu? Przest\u0119pstwo zn\u0119cania si\u0119 jest przest\u0119pstwem \u015bciganym z urz\u0119du co oznacza, \u017ce nie trzeba sk\u0142ada\u0107 wniosku, aby policja rozpocz\u0119\u0142a dochodzenie. Ka\u017cda osoba, nawet obca, kt\u00f3rej wiadomo, \u017ce takie przest\u0119pstwo wyst\u0119puje albo wyst\u0105pi\u0142o, mo\u017ce zawiadomi\u0107 o tym policj\u0119 lub prokuratora. Organy \u015bcigania maj\u0105 obowi\u0105zek [&hellip;]<\/p>\n","protected":false},"author":2,"featured_media":0,"comment_status":"open","ping_status":"open","sticky":false,"template":"","format":"standard","meta":{"_et_pb_use_builder":"","_et_pb_old_content":"","_et_gb_content_width":"","footnotes":""},"categories":[7,9,11],"tags":[25,34,47],"class_list":["post-150","post","type-post","status-publish","format-standard","hentry","category-porady-prawne","category-rozwod","category-zasady-wspolzycia-spolecznego","tag-niebieska-karta","tag-przemoc-w-rodzinie","tag-znecanie-sie"],"yoast_head":"<!-- This site is optimized with the Yoast SEO plugin v26.5 - https:\/\/yoast.com\/wordpress\/plugins\/seo\/ -->\n<title>Przemoc w rodzinie. Zn\u0119canie si\u0119.<\/title>\n<meta name=\"description\" content=\"Przemoc w rodzinie i zn\u0119canie si\u0119. Komu zg\u0142osi\u0107 przypadki zn\u0119cania? Jaka kara grozi za zn\u0119canie. Co to jest niebieska karta?\" \/>\n<meta name=\"robots\" content=\"index, follow, max-snippet:-1, max-image-preview:large, max-video-preview:-1\" \/>\n<link rel=\"canonical\" href=\"http:\/\/rozwody-adwokat.com.pl\/?p=150\" \/>\n<meta property=\"og:locale\" content=\"pl_PL\" \/>\n<meta property=\"og:type\" content=\"article\" \/>\n<meta property=\"og:title\" content=\"Przemoc w rodzinie. Zn\u0119canie si\u0119.\" \/>\n<meta property=\"og:description\" content=\"Przemoc w rodzinie i zn\u0119canie si\u0119. Komu zg\u0142osi\u0107 przypadki zn\u0119cania? Jaka kara grozi za zn\u0119canie. Co to jest niebieska karta?\" \/>\n<meta property=\"og:url\" content=\"http:\/\/rozwody-adwokat.com.pl\/?p=150\" \/>\n<meta property=\"og:site_name\" content=\"Rozwody | porady prawne\" \/>\n<meta property=\"article:publisher\" content=\"https:\/\/www.facebook.com\/pozewrozwodowy\" \/>\n<meta property=\"article:published_time\" content=\"2015-11-12T13:49:10+00:00\" \/>\n<meta property=\"og:image\" content=\"http:\/\/www.rozwody-adwokat.com.pl\/wp-content\/uploads\/2015\/11\/przemoc-w-rodzinie.jpg\" \/>\n<meta name=\"author\" content=\"Adwokat Monika Piech-Balicka\" \/>\n<meta name=\"twitter:card\" content=\"summary_large_image\" \/>\n<meta name=\"twitter:label1\" content=\"Napisane przez\" \/>\n\t<meta name=\"twitter:data1\" content=\"Adwokat Monika Piech-Balicka\" \/>\n\t<meta name=\"twitter:label2\" content=\"Szacowany czas czytania\" \/>\n\t<meta name=\"twitter:data2\" content=\"9 minut\" \/>\n<script type=\"application\/ld+json\" class=\"yoast-schema-graph\">{\"@context\":\"https:\/\/schema.org\",\"@graph\":[{\"@type\":\"Article\",\"@id\":\"http:\/\/rozwody-adwokat.com.pl\/?p=150#article\",\"isPartOf\":{\"@id\":\"http:\/\/rozwody-adwokat.com.pl\/?p=150\"},\"author\":{\"name\":\"Adwokat Monika Piech-Balicka\",\"@id\":\"http:\/\/rozwody-adwokat.com.pl\/#\/schema\/person\/94eb9cf5c17b726d00d903bd38ee8582\"},\"headline\":\"Przemoc w rodzinie\",\"datePublished\":\"2015-11-12T13:49:10+00:00\",\"mainEntityOfPage\":{\"@id\":\"http:\/\/rozwody-adwokat.com.pl\/?p=150\"},\"wordCount\":1881,\"commentCount\":0,\"publisher\":{\"@id\":\"http:\/\/rozwody-adwokat.com.pl\/#organization\"},\"image\":{\"@id\":\"http:\/\/rozwody-adwokat.com.pl\/?p=150#primaryimage\"},\"thumbnailUrl\":\"http:\/\/www.rozwody-adwokat.com.pl\/wp-content\/uploads\/2015\/11\/przemoc-w-rodzinie.jpg\",\"keywords\":[\"niebieska karta\",\"przemoc w rodzinie\",\"zn\u0119canie si\u0119\"],\"articleSection\":[\"porady prawne\",\"rozw\u00f3d\",\"zasady wsp\u00f3\u0142\u017cycia spo\u0142ecznego\"],\"inLanguage\":\"pl-PL\",\"potentialAction\":[{\"@type\":\"CommentAction\",\"name\":\"Comment\",\"target\":[\"http:\/\/rozwody-adwokat.com.pl\/?p=150#respond\"]}]},{\"@type\":\"WebPage\",\"@id\":\"http:\/\/rozwody-adwokat.com.pl\/?p=150\",\"url\":\"http:\/\/rozwody-adwokat.com.pl\/?p=150\",\"name\":\"Przemoc w rodzinie. Zn\u0119canie si\u0119.\",\"isPartOf\":{\"@id\":\"http:\/\/rozwody-adwokat.com.pl\/#website\"},\"primaryImageOfPage\":{\"@id\":\"http:\/\/rozwody-adwokat.com.pl\/?p=150#primaryimage\"},\"image\":{\"@id\":\"http:\/\/rozwody-adwokat.com.pl\/?p=150#primaryimage\"},\"thumbnailUrl\":\"http:\/\/www.rozwody-adwokat.com.pl\/wp-content\/uploads\/2015\/11\/przemoc-w-rodzinie.jpg\",\"datePublished\":\"2015-11-12T13:49:10+00:00\",\"description\":\"Przemoc w rodzinie i zn\u0119canie si\u0119. Komu zg\u0142osi\u0107 przypadki zn\u0119cania? Jaka kara grozi za zn\u0119canie. Co to jest niebieska karta?\",\"breadcrumb\":{\"@id\":\"http:\/\/rozwody-adwokat.com.pl\/?p=150#breadcrumb\"},\"inLanguage\":\"pl-PL\",\"potentialAction\":[{\"@type\":\"ReadAction\",\"target\":[\"http:\/\/rozwody-adwokat.com.pl\/?p=150\"]}]},{\"@type\":\"ImageObject\",\"inLanguage\":\"pl-PL\",\"@id\":\"http:\/\/rozwody-adwokat.com.pl\/?p=150#primaryimage\",\"url\":\"http:\/\/www.rozwody-adwokat.com.pl\/wp-content\/uploads\/2015\/11\/przemoc-w-rodzinie.jpg\",\"contentUrl\":\"http:\/\/www.rozwody-adwokat.com.pl\/wp-content\/uploads\/2015\/11\/przemoc-w-rodzinie.jpg\"},{\"@type\":\"BreadcrumbList\",\"@id\":\"http:\/\/rozwody-adwokat.com.pl\/?p=150#breadcrumb\",\"itemListElement\":[{\"@type\":\"ListItem\",\"position\":1,\"name\":\"Strona g\u0142\u00f3wna\",\"item\":\"http:\/\/rozwody-adwokat.com.pl\/\"},{\"@type\":\"ListItem\",\"position\":2,\"name\":\"Przemoc w rodzinie\"}]},{\"@type\":\"WebSite\",\"@id\":\"http:\/\/rozwody-adwokat.com.pl\/#website\",\"url\":\"http:\/\/rozwody-adwokat.com.pl\/\",\"name\":\"Rozwody | porady prawne, pozew o rozw\u00f3d, alimenty, podzia\u0142 maj\u0105tku\",\"description\":\"Sprawy rozwodowe - aspekty prawne dotycz\u0105ce, pozwu, aliment&oacute;w, podzia\u0142u maj\u0105tku\",\"publisher\":{\"@id\":\"http:\/\/rozwody-adwokat.com.pl\/#organization\"},\"potentialAction\":[{\"@type\":\"SearchAction\",\"target\":{\"@type\":\"EntryPoint\",\"urlTemplate\":\"http:\/\/rozwody-adwokat.com.pl\/?s={search_term_string}\"},\"query-input\":{\"@type\":\"PropertyValueSpecification\",\"valueRequired\":true,\"valueName\":\"search_term_string\"}}],\"inLanguage\":\"pl-PL\"},{\"@type\":\"Organization\",\"@id\":\"http:\/\/rozwody-adwokat.com.pl\/#organization\",\"name\":\"Kancelaria Adwokacka Monika piech-Balicka\",\"url\":\"http:\/\/rozwody-adwokat.com.pl\/\",\"logo\":{\"@type\":\"ImageObject\",\"inLanguage\":\"pl-PL\",\"@id\":\"http:\/\/rozwody-adwokat.com.pl\/#\/schema\/logo\/image\/\",\"url\":\"http:\/\/rozwody-adwokat.com.pl\/wp-content\/uploads\/2023\/07\/adwokat-lodz_logo_red_100x100.jpg\",\"contentUrl\":\"http:\/\/rozwody-adwokat.com.pl\/wp-content\/uploads\/2023\/07\/adwokat-lodz_logo_red_100x100.jpg\",\"width\":100,\"height\":96,\"caption\":\"Kancelaria Adwokacka Monika piech-Balicka\"},\"image\":{\"@id\":\"http:\/\/rozwody-adwokat.com.pl\/#\/schema\/logo\/image\/\"},\"sameAs\":[\"https:\/\/www.facebook.com\/pozewrozwodowy\"]},{\"@type\":\"Person\",\"@id\":\"http:\/\/rozwody-adwokat.com.pl\/#\/schema\/person\/94eb9cf5c17b726d00d903bd38ee8582\",\"name\":\"Adwokat Monika Piech-Balicka\",\"image\":{\"@type\":\"ImageObject\",\"inLanguage\":\"pl-PL\",\"@id\":\"http:\/\/rozwody-adwokat.com.pl\/#\/schema\/person\/image\/\",\"url\":\"https:\/\/secure.gravatar.com\/avatar\/8eeaf9340e81997882b55d4b5aa8fee16b519cfaf7811067772c5a4c8d704e2d?s=96&d=mm&r=g\",\"contentUrl\":\"https:\/\/secure.gravatar.com\/avatar\/8eeaf9340e81997882b55d4b5aa8fee16b519cfaf7811067772c5a4c8d704e2d?s=96&d=mm&r=g\",\"caption\":\"Adwokat Monika Piech-Balicka\"},\"url\":\"http:\/\/rozwody-adwokat.com.pl\/?author=2\"}]}<\/script>\n<!-- \/ Yoast SEO plugin. -->","yoast_head_json":{"title":"Przemoc w rodzinie. Zn\u0119canie si\u0119.","description":"Przemoc w rodzinie i zn\u0119canie si\u0119. Komu zg\u0142osi\u0107 przypadki zn\u0119cania? Jaka kara grozi za zn\u0119canie. Co to jest niebieska karta?","robots":{"index":"index","follow":"follow","max-snippet":"max-snippet:-1","max-image-preview":"max-image-preview:large","max-video-preview":"max-video-preview:-1"},"canonical":"http:\/\/rozwody-adwokat.com.pl\/?p=150","og_locale":"pl_PL","og_type":"article","og_title":"Przemoc w rodzinie. Zn\u0119canie si\u0119.","og_description":"Przemoc w rodzinie i zn\u0119canie si\u0119. Komu zg\u0142osi\u0107 przypadki zn\u0119cania? Jaka kara grozi za zn\u0119canie. Co to jest niebieska karta?","og_url":"http:\/\/rozwody-adwokat.com.pl\/?p=150","og_site_name":"Rozwody | porady prawne","article_publisher":"https:\/\/www.facebook.com\/pozewrozwodowy","article_published_time":"2015-11-12T13:49:10+00:00","og_image":[{"url":"http:\/\/www.rozwody-adwokat.com.pl\/wp-content\/uploads\/2015\/11\/przemoc-w-rodzinie.jpg","type":"","width":"","height":""}],"author":"Adwokat Monika Piech-Balicka","twitter_card":"summary_large_image","twitter_misc":{"Napisane przez":"Adwokat Monika Piech-Balicka","Szacowany czas czytania":"9 minut"},"schema":{"@context":"https:\/\/schema.org","@graph":[{"@type":"Article","@id":"http:\/\/rozwody-adwokat.com.pl\/?p=150#article","isPartOf":{"@id":"http:\/\/rozwody-adwokat.com.pl\/?p=150"},"author":{"name":"Adwokat Monika Piech-Balicka","@id":"http:\/\/rozwody-adwokat.com.pl\/#\/schema\/person\/94eb9cf5c17b726d00d903bd38ee8582"},"headline":"Przemoc w rodzinie","datePublished":"2015-11-12T13:49:10+00:00","mainEntityOfPage":{"@id":"http:\/\/rozwody-adwokat.com.pl\/?p=150"},"wordCount":1881,"commentCount":0,"publisher":{"@id":"http:\/\/rozwody-adwokat.com.pl\/#organization"},"image":{"@id":"http:\/\/rozwody-adwokat.com.pl\/?p=150#primaryimage"},"thumbnailUrl":"http:\/\/www.rozwody-adwokat.com.pl\/wp-content\/uploads\/2015\/11\/przemoc-w-rodzinie.jpg","keywords":["niebieska karta","przemoc w rodzinie","zn\u0119canie si\u0119"],"articleSection":["porady prawne","rozw\u00f3d","zasady wsp\u00f3\u0142\u017cycia spo\u0142ecznego"],"inLanguage":"pl-PL","potentialAction":[{"@type":"CommentAction","name":"Comment","target":["http:\/\/rozwody-adwokat.com.pl\/?p=150#respond"]}]},{"@type":"WebPage","@id":"http:\/\/rozwody-adwokat.com.pl\/?p=150","url":"http:\/\/rozwody-adwokat.com.pl\/?p=150","name":"Przemoc w rodzinie. Zn\u0119canie si\u0119.","isPartOf":{"@id":"http:\/\/rozwody-adwokat.com.pl\/#website"},"primaryImageOfPage":{"@id":"http:\/\/rozwody-adwokat.com.pl\/?p=150#primaryimage"},"image":{"@id":"http:\/\/rozwody-adwokat.com.pl\/?p=150#primaryimage"},"thumbnailUrl":"http:\/\/www.rozwody-adwokat.com.pl\/wp-content\/uploads\/2015\/11\/przemoc-w-rodzinie.jpg","datePublished":"2015-11-12T13:49:10+00:00","description":"Przemoc w rodzinie i zn\u0119canie si\u0119. Komu zg\u0142osi\u0107 przypadki zn\u0119cania? Jaka kara grozi za zn\u0119canie. Co to jest niebieska karta?","breadcrumb":{"@id":"http:\/\/rozwody-adwokat.com.pl\/?p=150#breadcrumb"},"inLanguage":"pl-PL","potentialAction":[{"@type":"ReadAction","target":["http:\/\/rozwody-adwokat.com.pl\/?p=150"]}]},{"@type":"ImageObject","inLanguage":"pl-PL","@id":"http:\/\/rozwody-adwokat.com.pl\/?p=150#primaryimage","url":"http:\/\/www.rozwody-adwokat.com.pl\/wp-content\/uploads\/2015\/11\/przemoc-w-rodzinie.jpg","contentUrl":"http:\/\/www.rozwody-adwokat.com.pl\/wp-content\/uploads\/2015\/11\/przemoc-w-rodzinie.jpg"},{"@type":"BreadcrumbList","@id":"http:\/\/rozwody-adwokat.com.pl\/?p=150#breadcrumb","itemListElement":[{"@type":"ListItem","position":1,"name":"Strona g\u0142\u00f3wna","item":"http:\/\/rozwody-adwokat.com.pl\/"},{"@type":"ListItem","position":2,"name":"Przemoc w rodzinie"}]},{"@type":"WebSite","@id":"http:\/\/rozwody-adwokat.com.pl\/#website","url":"http:\/\/rozwody-adwokat.com.pl\/","name":"Rozwody | porady prawne, pozew o rozw\u00f3d, alimenty, podzia\u0142 maj\u0105tku","description":"Sprawy rozwodowe - aspekty prawne dotycz\u0105ce, pozwu, aliment&oacute;w, podzia\u0142u maj\u0105tku","publisher":{"@id":"http:\/\/rozwody-adwokat.com.pl\/#organization"},"potentialAction":[{"@type":"SearchAction","target":{"@type":"EntryPoint","urlTemplate":"http:\/\/rozwody-adwokat.com.pl\/?s={search_term_string}"},"query-input":{"@type":"PropertyValueSpecification","valueRequired":true,"valueName":"search_term_string"}}],"inLanguage":"pl-PL"},{"@type":"Organization","@id":"http:\/\/rozwody-adwokat.com.pl\/#organization","name":"Kancelaria Adwokacka Monika piech-Balicka","url":"http:\/\/rozwody-adwokat.com.pl\/","logo":{"@type":"ImageObject","inLanguage":"pl-PL","@id":"http:\/\/rozwody-adwokat.com.pl\/#\/schema\/logo\/image\/","url":"http:\/\/rozwody-adwokat.com.pl\/wp-content\/uploads\/2023\/07\/adwokat-lodz_logo_red_100x100.jpg","contentUrl":"http:\/\/rozwody-adwokat.com.pl\/wp-content\/uploads\/2023\/07\/adwokat-lodz_logo_red_100x100.jpg","width":100,"height":96,"caption":"Kancelaria Adwokacka Monika piech-Balicka"},"image":{"@id":"http:\/\/rozwody-adwokat.com.pl\/#\/schema\/logo\/image\/"},"sameAs":["https:\/\/www.facebook.com\/pozewrozwodowy"]},{"@type":"Person","@id":"http:\/\/rozwody-adwokat.com.pl\/#\/schema\/person\/94eb9cf5c17b726d00d903bd38ee8582","name":"Adwokat Monika Piech-Balicka","image":{"@type":"ImageObject","inLanguage":"pl-PL","@id":"http:\/\/rozwody-adwokat.com.pl\/#\/schema\/person\/image\/","url":"https:\/\/secure.gravatar.com\/avatar\/8eeaf9340e81997882b55d4b5aa8fee16b519cfaf7811067772c5a4c8d704e2d?s=96&d=mm&r=g","contentUrl":"https:\/\/secure.gravatar.com\/avatar\/8eeaf9340e81997882b55d4b5aa8fee16b519cfaf7811067772c5a4c8d704e2d?s=96&d=mm&r=g","caption":"Adwokat Monika Piech-Balicka"},"url":"http:\/\/rozwody-adwokat.com.pl\/?author=2"}]}},"_links":{"self":[{"href":"http:\/\/rozwody-adwokat.com.pl\/index.php?rest_route=\/wp\/v2\/posts\/150","targetHints":{"allow":["GET"]}}],"collection":[{"href":"http:\/\/rozwody-adwokat.com.pl\/index.php?rest_route=\/wp\/v2\/posts"}],"about":[{"href":"http:\/\/rozwody-adwokat.com.pl\/index.php?rest_route=\/wp\/v2\/types\/post"}],"author":[{"embeddable":true,"href":"http:\/\/rozwody-adwokat.com.pl\/index.php?rest_route=\/wp\/v2\/users\/2"}],"replies":[{"embeddable":true,"href":"http:\/\/rozwody-adwokat.com.pl\/index.php?rest_route=%2Fwp%2Fv2%2Fcomments&post=150"}],"version-history":[{"count":0,"href":"http:\/\/rozwody-adwokat.com.pl\/index.php?rest_route=\/wp\/v2\/posts\/150\/revisions"}],"wp:attachment":[{"href":"http:\/\/rozwody-adwokat.com.pl\/index.php?rest_route=%2Fwp%2Fv2%2Fmedia&parent=150"}],"wp:term":[{"taxonomy":"category","embeddable":true,"href":"http:\/\/rozwody-adwokat.com.pl\/index.php?rest_route=%2Fwp%2Fv2%2Fcategories&post=150"},{"taxonomy":"post_tag","embeddable":true,"href":"http:\/\/rozwody-adwokat.com.pl\/index.php?rest_route=%2Fwp%2Fv2%2Ftags&post=150"}],"curies":[{"name":"wp","href":"https:\/\/api.w.org\/{rel}","templated":true}]}}