{"id":213,"date":"2016-06-22T13:27:00","date_gmt":"2016-06-22T13:27:00","guid":{"rendered":"http:\/\/www.rozwody-adwokat.com.pl\/?p=213"},"modified":"2016-06-22T13:27:00","modified_gmt":"2016-06-22T13:27:00","slug":"maz-nie-chce-dac-rozwodu","status":"publish","type":"post","link":"http:\/\/rozwody-adwokat.com.pl\/?p=213","title":{"rendered":"M\u0105\u017c nie chce da\u0107 rozwodu"},"content":{"rendered":"<p>&nbsp;<\/p>\n<h2>Czy drugi ma\u0142\u017conek mo\u017ce nie zgodzi\u0107 si\u0119 na rozw\u00f3d?<\/h2>\n<p><img loading=\"lazy\" decoding=\"async\" class=\"alignleft wp-image-214 size-full\" src=\"http:\/\/www.rozwody-adwokat.com.pl\/wp-content\/uploads\/2016\/06\/zgoda-na-rozwod.jpg\" alt=\"M\u0105\u017c nie chce da\u0107 rozwodu\" width=\"424\" height=\"283\" \/><\/p>\n<p><strong>Chc\u0119 si\u0119 rozwie\u015b\u0107, ale m\u0105\u017c nie chce da\u0107 rozwodu. M\u00f3wi, \u017ce nie wyra\u017ca zgody na rozw\u00f3d. Czy mo\u017ce si\u0119 nie zgodzi\u0107 na rozw\u00f3d?<\/strong><\/p>\n<p>To, \u017ce <a href=\"https:\/\/www.adwokat-lodz.com.pl\/sprawy-rozwodowe.html\">m\u0105\u017c nie wyra\u017ca zgody na rozw\u00f3d<\/a>, <strong>co do zasady nie ma wp\u0142ywu<\/strong> na rozwi\u0105zanie zwi\u0105zku ma\u0142\u017ce\u0144skiego przez s\u0105d. Dla s\u0105du ma znaczenie trwa\u0142y i zupe\u0142ny rozk\u0142ad po\u017cycia ma\u0142\u017ce\u0144skiego, a wi\u0119c je\u015bli pomi\u0119dzy ma\u0142\u017conkami zanikn\u0119\u0142y wi\u0119\u017a psychiczna, fizyczna i gospodarcza, wtedy nie ma przeszk\u00f3d do orzeczenia rozwodu, nawet, je\u015bli jeden z ma\u0142\u017conk\u00f3w nie chce si\u0119 rozwie\u015b\u0107. Wyja\u015bnijmy w prostych s\u0142owach i po kolei co oznaczaj\u0105 poszczeg\u00f3lne wi\u0119zi sk\u0142adaj\u0105ce si\u0119 na po\u017cycie ma\u0142\u017ce\u0144skie. Ot\u00f3\u017c zanik wi\u0119zi psychicznej to po prostu brak uczucia pomi\u0119dzy ma\u0142\u017conkami, oznacza to, \u017ce ma\u0142\u017conkowie ju\u017c si\u0119 nie kochaj\u0105. Brak wi\u0119zi fizycznej to po prostu brak po\u017cycia seksualnego mi\u0119dzy ma\u0142\u017conkami. Natomiast brak wi\u0119zi gospodarczej to np. sytuacja, w kt\u00f3rej ma\u0142\u017conkowie mieszkaj\u0105 osobno i prowadz\u0105 odr\u0119bne gospodarstwa domowe. B\u0119dzie tak w sytuacji, gdy \u017cona mieszka w Polsce, a m\u0105\u017c wyjecha\u0142 za granic\u0119 i praktycznie nie przyje\u017cd\u017ca.<\/p>\n<p>Je\u015bli pomi\u0119dzy ma\u0142\u017conkami zanikn\u0105 jednocze\u015bnie wszystkie wy\u017cej wymienione <a href=\"http:\/\/www.rozwody-adwokat.com.pl\/rozwod-z-orzekaniem-o-winie-zdrada\">sk\u0142adniki po\u017cycia ma\u0142\u017ce\u0144skiego<\/a>, to w my\u015bl art. 56 \u00a7 1 kodeksu rodzinnego i opieku\u0144czego (k.r.o.), <strong>ka\u017cdy z ma\u0142\u017conk\u00f3w mo\u017ce \u017c\u0105da\u0107,<\/strong> a\u017ceby s\u0105d rozwi\u0105za\u0142 ma\u0142\u017ce\u0144stwo przez rozw\u00f3d.<\/p>\n<p>Istniej\u0105 jednak okoliczno\u015bci, kt\u00f3re nie b\u0119d\u0105 skutkowa\u0107 rozwodem nawet wtedy, gdy oboje ma\u0142\u017conkowie zgodnie domagaj\u0105 si\u0119 rozwodu. S\u0105 to tzw. negatywne przes\u0142anki orzeczenia rozwodu, kt\u00f3re omawia art. 56 \u00a7 2 k.r.o. Do rozwodu nie dojdzie je\u015bli:<\/p>\n<ul>\n<li><strong>na skutek rozwodu mo\u017ce ucierpie\u0107 dobro wsp\u00f3lnych ma\u0142oletnich dzieci ma\u0142\u017conk\u00f3w \u2013 przyk\u0142adowo istnieje du\u017ce prawdopodobie\u0144stwo, \u017ce rozstanie rodzic\u00f3w wp\u0142ynie negatywnie na zdrowie dziecka, rozw\u00f3j, edukacj\u0119 lub oboje rodzice nie mog\u0105 si\u0119 porozumie\u0107 co do <\/strong>sposobu wykonywania w przysz\u0142o\u015bci w\u0142adzy rodzicielskiej, domagaj\u0105 si\u0119, aby ma\u0142\u017conek nie m\u00f3g\u0142 ingerowa\u0107 w decyzje drugiego w tym zakresie<\/li>\n<li><strong>rozstanie jest sprzeczne z zasadami wsp\u00f3\u0142\u017cycia spo\u0142ecznego<\/strong> \u2013 przyk\u0142adowo m\u0105\u017c chce odej\u015b\u0107 od nieuleczalnie chorej \u017cony, kt\u00f3ra wymaga ci\u0105g\u0142ej pomocy<\/li>\n<\/ul>\n<p>Jak wida\u0107 w katalogu pozytywnych i negatywnych przes\u0142anek rozwodu przytaczanych przez kodeks rodzinny i opieku\u0144czy nie ma poj\u0119cia <strong>zgody ma\u0142\u017conka na rozw\u00f3d <\/strong>jako podstawy do nie wydania orzeczenia o rozwodzie.<\/p>\n<p>Jednak istnieje pewien wyj\u0105tek. Zgodnie z art. 56 \u00a7 3 k.r.o. <strong>rozw\u00f3d bez zgody ma\u0142\u017conka nie jest dopuszczalny<\/strong>, <strong>gdy<\/strong> <strong>\u017c\u0105da go ma\u0142\u017conek wy\u0142\u0105cznie winny rozk\u0142adu po\u017cycia<\/strong>. Nale\u017cy przez to rozumie\u0107, \u017ce je\u015bli ma\u0142\u017conek wy\u0142\u0105cznie winny rozk\u0142adu ma\u0142\u017ce\u0144stwa wyst\u0119puje o rozw\u00f3d, a drugi ma\u0142\u017conek si\u0119 na niego nie zgadza, s\u0105d nie orzeknie rozwodu. W tym wypadku zgoda drugiego ma\u0142\u017conka jest konieczna chyba, \u017ce odmowa zgody ma\u0142\u017conka niewinnego jest sprzeczna z zasadami wsp\u00f3\u0142\u017cycia spo\u0142ecznego.<\/p>\n<p>&nbsp;<\/p>\n","protected":false},"excerpt":{"rendered":"<p>&nbsp; Czy drugi ma\u0142\u017conek mo\u017ce nie zgodzi\u0107 si\u0119 na rozw\u00f3d? Chc\u0119 si\u0119 rozwie\u015b\u0107, ale m\u0105\u017c nie chce da\u0107 rozwodu. M\u00f3wi, \u017ce nie wyra\u017ca zgody na rozw\u00f3d. Czy mo\u017ce si\u0119 nie zgodzi\u0107 na rozw\u00f3d? To, \u017ce m\u0105\u017c nie wyra\u017ca zgody na rozw\u00f3d, co do zasady nie ma wp\u0142ywu na rozwi\u0105zanie zwi\u0105zku ma\u0142\u017ce\u0144skiego przez s\u0105d. Dla s\u0105du [&hellip;]<\/p>\n","protected":false},"author":2,"featured_media":0,"comment_status":"open","ping_status":"open","sticky":false,"template":"","format":"standard","meta":{"_et_pb_use_builder":"","_et_pb_old_content":"","_et_gb_content_width":"","footnotes":""},"categories":[9,10],"tags":[22,23,45],"class_list":["post-213","post","type-post","status-publish","format-standard","hentry","category-rozwod","category-rozwod-z-orzekaniem-o-winie","tag-maz-nie-che-dac-rozwodu","tag-maz-nie-zgadza-sie-na-rozwod","tag-zgoda-na-rozwod"],"yoast_head":"<!-- This site is optimized with the Yoast SEO plugin v26.5 - https:\/\/yoast.com\/wordpress\/plugins\/seo\/ -->\n<title>M\u0105\u017c nie chce da\u0107 rozwodu. Czy dostan\u0119 rozw\u00f3d bez zgody m\u0119\u017ca?<\/title>\n<meta name=\"description\" content=\"Czy dostan\u0119 rozw\u00f3d nawet je\u015bli m\u0105\u017c nie chce da\u0107 rozwodu? Czy zgoda na rozw\u00f3d jest konieczna? Kiedy s\u0105d nie orzeknie rozwodu?\" \/>\n<meta name=\"robots\" content=\"index, follow, max-snippet:-1, max-image-preview:large, max-video-preview:-1\" \/>\n<link rel=\"canonical\" href=\"http:\/\/rozwody-adwokat.com.pl\/?p=213\" \/>\n<meta property=\"og:locale\" content=\"pl_PL\" \/>\n<meta property=\"og:type\" content=\"article\" \/>\n<meta property=\"og:title\" content=\"M\u0105\u017c nie chce da\u0107 rozwodu. Czy dostan\u0119 rozw\u00f3d bez zgody m\u0119\u017ca?\" \/>\n<meta property=\"og:description\" content=\"Czy dostan\u0119 rozw\u00f3d nawet je\u015bli m\u0105\u017c nie chce da\u0107 rozwodu? Czy zgoda na rozw\u00f3d jest konieczna? Kiedy s\u0105d nie orzeknie rozwodu?\" \/>\n<meta property=\"og:url\" content=\"http:\/\/rozwody-adwokat.com.pl\/?p=213\" \/>\n<meta property=\"og:site_name\" content=\"Rozwody | porady prawne\" \/>\n<meta property=\"article:publisher\" content=\"https:\/\/www.facebook.com\/pozewrozwodowy\" \/>\n<meta property=\"article:published_time\" content=\"2016-06-22T13:27:00+00:00\" \/>\n<meta property=\"og:image\" content=\"http:\/\/www.rozwody-adwokat.com.pl\/wp-content\/uploads\/2016\/06\/zgoda-na-rozwod.jpg\" \/>\n<meta name=\"author\" content=\"Adwokat Monika Piech-Balicka\" \/>\n<meta name=\"twitter:card\" content=\"summary_large_image\" \/>\n<meta name=\"twitter:label1\" content=\"Napisane przez\" \/>\n\t<meta name=\"twitter:data1\" content=\"Adwokat Monika Piech-Balicka\" \/>\n\t<meta name=\"twitter:label2\" content=\"Szacowany czas czytania\" \/>\n\t<meta name=\"twitter:data2\" content=\"3 minuty\" \/>\n<script type=\"application\/ld+json\" class=\"yoast-schema-graph\">{\"@context\":\"https:\/\/schema.org\",\"@graph\":[{\"@type\":\"Article\",\"@id\":\"http:\/\/rozwody-adwokat.com.pl\/?p=213#article\",\"isPartOf\":{\"@id\":\"http:\/\/rozwody-adwokat.com.pl\/?p=213\"},\"author\":{\"name\":\"Adwokat Monika Piech-Balicka\",\"@id\":\"http:\/\/rozwody-adwokat.com.pl\/#\/schema\/person\/94eb9cf5c17b726d00d903bd38ee8582\"},\"headline\":\"M\u0105\u017c nie chce da\u0107 rozwodu\",\"datePublished\":\"2016-06-22T13:27:00+00:00\",\"mainEntityOfPage\":{\"@id\":\"http:\/\/rozwody-adwokat.com.pl\/?p=213\"},\"wordCount\":550,\"commentCount\":49,\"publisher\":{\"@id\":\"http:\/\/rozwody-adwokat.com.pl\/#organization\"},\"image\":{\"@id\":\"http:\/\/rozwody-adwokat.com.pl\/?p=213#primaryimage\"},\"thumbnailUrl\":\"http:\/\/www.rozwody-adwokat.com.pl\/wp-content\/uploads\/2016\/06\/zgoda-na-rozwod.jpg\",\"keywords\":[\"m\u0105\u017c nie che da\u0107 rozwodu\",\"m\u0105\u017c nie zgadza si\u0119 na rozw\u00f3d\",\"zgoda na rozw\u00f3d\"],\"articleSection\":[\"rozw\u00f3d\",\"rozw\u00f3d z orzekaniem o winie\"],\"inLanguage\":\"pl-PL\",\"potentialAction\":[{\"@type\":\"CommentAction\",\"name\":\"Comment\",\"target\":[\"http:\/\/rozwody-adwokat.com.pl\/?p=213#respond\"]}]},{\"@type\":\"WebPage\",\"@id\":\"http:\/\/rozwody-adwokat.com.pl\/?p=213\",\"url\":\"http:\/\/rozwody-adwokat.com.pl\/?p=213\",\"name\":\"M\u0105\u017c nie chce da\u0107 rozwodu. Czy dostan\u0119 rozw\u00f3d bez zgody m\u0119\u017ca?\",\"isPartOf\":{\"@id\":\"http:\/\/rozwody-adwokat.com.pl\/#website\"},\"primaryImageOfPage\":{\"@id\":\"http:\/\/rozwody-adwokat.com.pl\/?p=213#primaryimage\"},\"image\":{\"@id\":\"http:\/\/rozwody-adwokat.com.pl\/?p=213#primaryimage\"},\"thumbnailUrl\":\"http:\/\/www.rozwody-adwokat.com.pl\/wp-content\/uploads\/2016\/06\/zgoda-na-rozwod.jpg\",\"datePublished\":\"2016-06-22T13:27:00+00:00\",\"description\":\"Czy dostan\u0119 rozw\u00f3d nawet je\u015bli m\u0105\u017c nie chce da\u0107 rozwodu? Czy zgoda na rozw\u00f3d jest konieczna? Kiedy s\u0105d nie orzeknie rozwodu?\",\"breadcrumb\":{\"@id\":\"http:\/\/rozwody-adwokat.com.pl\/?p=213#breadcrumb\"},\"inLanguage\":\"pl-PL\",\"potentialAction\":[{\"@type\":\"ReadAction\",\"target\":[\"http:\/\/rozwody-adwokat.com.pl\/?p=213\"]}]},{\"@type\":\"ImageObject\",\"inLanguage\":\"pl-PL\",\"@id\":\"http:\/\/rozwody-adwokat.com.pl\/?p=213#primaryimage\",\"url\":\"http:\/\/www.rozwody-adwokat.com.pl\/wp-content\/uploads\/2016\/06\/zgoda-na-rozwod.jpg\",\"contentUrl\":\"http:\/\/www.rozwody-adwokat.com.pl\/wp-content\/uploads\/2016\/06\/zgoda-na-rozwod.jpg\"},{\"@type\":\"BreadcrumbList\",\"@id\":\"http:\/\/rozwody-adwokat.com.pl\/?p=213#breadcrumb\",\"itemListElement\":[{\"@type\":\"ListItem\",\"position\":1,\"name\":\"Strona g\u0142\u00f3wna\",\"item\":\"http:\/\/rozwody-adwokat.com.pl\/\"},{\"@type\":\"ListItem\",\"position\":2,\"name\":\"M\u0105\u017c nie chce da\u0107 rozwodu\"}]},{\"@type\":\"WebSite\",\"@id\":\"http:\/\/rozwody-adwokat.com.pl\/#website\",\"url\":\"http:\/\/rozwody-adwokat.com.pl\/\",\"name\":\"Rozwody | porady prawne, pozew o rozw\u00f3d, alimenty, podzia\u0142 maj\u0105tku\",\"description\":\"Sprawy rozwodowe - aspekty prawne dotycz\u0105ce, pozwu, aliment&oacute;w, podzia\u0142u maj\u0105tku\",\"publisher\":{\"@id\":\"http:\/\/rozwody-adwokat.com.pl\/#organization\"},\"potentialAction\":[{\"@type\":\"SearchAction\",\"target\":{\"@type\":\"EntryPoint\",\"urlTemplate\":\"http:\/\/rozwody-adwokat.com.pl\/?s={search_term_string}\"},\"query-input\":{\"@type\":\"PropertyValueSpecification\",\"valueRequired\":true,\"valueName\":\"search_term_string\"}}],\"inLanguage\":\"pl-PL\"},{\"@type\":\"Organization\",\"@id\":\"http:\/\/rozwody-adwokat.com.pl\/#organization\",\"name\":\"Kancelaria Adwokacka Monika piech-Balicka\",\"url\":\"http:\/\/rozwody-adwokat.com.pl\/\",\"logo\":{\"@type\":\"ImageObject\",\"inLanguage\":\"pl-PL\",\"@id\":\"http:\/\/rozwody-adwokat.com.pl\/#\/schema\/logo\/image\/\",\"url\":\"http:\/\/rozwody-adwokat.com.pl\/wp-content\/uploads\/2023\/07\/adwokat-lodz_logo_red_100x100.jpg\",\"contentUrl\":\"http:\/\/rozwody-adwokat.com.pl\/wp-content\/uploads\/2023\/07\/adwokat-lodz_logo_red_100x100.jpg\",\"width\":100,\"height\":96,\"caption\":\"Kancelaria Adwokacka Monika piech-Balicka\"},\"image\":{\"@id\":\"http:\/\/rozwody-adwokat.com.pl\/#\/schema\/logo\/image\/\"},\"sameAs\":[\"https:\/\/www.facebook.com\/pozewrozwodowy\"]},{\"@type\":\"Person\",\"@id\":\"http:\/\/rozwody-adwokat.com.pl\/#\/schema\/person\/94eb9cf5c17b726d00d903bd38ee8582\",\"name\":\"Adwokat Monika Piech-Balicka\",\"image\":{\"@type\":\"ImageObject\",\"inLanguage\":\"pl-PL\",\"@id\":\"http:\/\/rozwody-adwokat.com.pl\/#\/schema\/person\/image\/\",\"url\":\"https:\/\/secure.gravatar.com\/avatar\/8eeaf9340e81997882b55d4b5aa8fee16b519cfaf7811067772c5a4c8d704e2d?s=96&d=mm&r=g\",\"contentUrl\":\"https:\/\/secure.gravatar.com\/avatar\/8eeaf9340e81997882b55d4b5aa8fee16b519cfaf7811067772c5a4c8d704e2d?s=96&d=mm&r=g\",\"caption\":\"Adwokat Monika Piech-Balicka\"},\"url\":\"http:\/\/rozwody-adwokat.com.pl\/?author=2\"}]}<\/script>\n<!-- \/ Yoast SEO plugin. -->","yoast_head_json":{"title":"M\u0105\u017c nie chce da\u0107 rozwodu. Czy dostan\u0119 rozw\u00f3d bez zgody m\u0119\u017ca?","description":"Czy dostan\u0119 rozw\u00f3d nawet je\u015bli m\u0105\u017c nie chce da\u0107 rozwodu? Czy zgoda na rozw\u00f3d jest konieczna? Kiedy s\u0105d nie orzeknie rozwodu?","robots":{"index":"index","follow":"follow","max-snippet":"max-snippet:-1","max-image-preview":"max-image-preview:large","max-video-preview":"max-video-preview:-1"},"canonical":"http:\/\/rozwody-adwokat.com.pl\/?p=213","og_locale":"pl_PL","og_type":"article","og_title":"M\u0105\u017c nie chce da\u0107 rozwodu. Czy dostan\u0119 rozw\u00f3d bez zgody m\u0119\u017ca?","og_description":"Czy dostan\u0119 rozw\u00f3d nawet je\u015bli m\u0105\u017c nie chce da\u0107 rozwodu? Czy zgoda na rozw\u00f3d jest konieczna? Kiedy s\u0105d nie orzeknie rozwodu?","og_url":"http:\/\/rozwody-adwokat.com.pl\/?p=213","og_site_name":"Rozwody | porady prawne","article_publisher":"https:\/\/www.facebook.com\/pozewrozwodowy","article_published_time":"2016-06-22T13:27:00+00:00","og_image":[{"url":"http:\/\/www.rozwody-adwokat.com.pl\/wp-content\/uploads\/2016\/06\/zgoda-na-rozwod.jpg","type":"","width":"","height":""}],"author":"Adwokat Monika Piech-Balicka","twitter_card":"summary_large_image","twitter_misc":{"Napisane przez":"Adwokat Monika Piech-Balicka","Szacowany czas czytania":"3 minuty"},"schema":{"@context":"https:\/\/schema.org","@graph":[{"@type":"Article","@id":"http:\/\/rozwody-adwokat.com.pl\/?p=213#article","isPartOf":{"@id":"http:\/\/rozwody-adwokat.com.pl\/?p=213"},"author":{"name":"Adwokat Monika Piech-Balicka","@id":"http:\/\/rozwody-adwokat.com.pl\/#\/schema\/person\/94eb9cf5c17b726d00d903bd38ee8582"},"headline":"M\u0105\u017c nie chce da\u0107 rozwodu","datePublished":"2016-06-22T13:27:00+00:00","mainEntityOfPage":{"@id":"http:\/\/rozwody-adwokat.com.pl\/?p=213"},"wordCount":550,"commentCount":49,"publisher":{"@id":"http:\/\/rozwody-adwokat.com.pl\/#organization"},"image":{"@id":"http:\/\/rozwody-adwokat.com.pl\/?p=213#primaryimage"},"thumbnailUrl":"http:\/\/www.rozwody-adwokat.com.pl\/wp-content\/uploads\/2016\/06\/zgoda-na-rozwod.jpg","keywords":["m\u0105\u017c nie che da\u0107 rozwodu","m\u0105\u017c nie zgadza si\u0119 na rozw\u00f3d","zgoda na rozw\u00f3d"],"articleSection":["rozw\u00f3d","rozw\u00f3d z orzekaniem o winie"],"inLanguage":"pl-PL","potentialAction":[{"@type":"CommentAction","name":"Comment","target":["http:\/\/rozwody-adwokat.com.pl\/?p=213#respond"]}]},{"@type":"WebPage","@id":"http:\/\/rozwody-adwokat.com.pl\/?p=213","url":"http:\/\/rozwody-adwokat.com.pl\/?p=213","name":"M\u0105\u017c nie chce da\u0107 rozwodu. Czy dostan\u0119 rozw\u00f3d bez zgody m\u0119\u017ca?","isPartOf":{"@id":"http:\/\/rozwody-adwokat.com.pl\/#website"},"primaryImageOfPage":{"@id":"http:\/\/rozwody-adwokat.com.pl\/?p=213#primaryimage"},"image":{"@id":"http:\/\/rozwody-adwokat.com.pl\/?p=213#primaryimage"},"thumbnailUrl":"http:\/\/www.rozwody-adwokat.com.pl\/wp-content\/uploads\/2016\/06\/zgoda-na-rozwod.jpg","datePublished":"2016-06-22T13:27:00+00:00","description":"Czy dostan\u0119 rozw\u00f3d nawet je\u015bli m\u0105\u017c nie chce da\u0107 rozwodu? Czy zgoda na rozw\u00f3d jest konieczna? Kiedy s\u0105d nie orzeknie rozwodu?","breadcrumb":{"@id":"http:\/\/rozwody-adwokat.com.pl\/?p=213#breadcrumb"},"inLanguage":"pl-PL","potentialAction":[{"@type":"ReadAction","target":["http:\/\/rozwody-adwokat.com.pl\/?p=213"]}]},{"@type":"ImageObject","inLanguage":"pl-PL","@id":"http:\/\/rozwody-adwokat.com.pl\/?p=213#primaryimage","url":"http:\/\/www.rozwody-adwokat.com.pl\/wp-content\/uploads\/2016\/06\/zgoda-na-rozwod.jpg","contentUrl":"http:\/\/www.rozwody-adwokat.com.pl\/wp-content\/uploads\/2016\/06\/zgoda-na-rozwod.jpg"},{"@type":"BreadcrumbList","@id":"http:\/\/rozwody-adwokat.com.pl\/?p=213#breadcrumb","itemListElement":[{"@type":"ListItem","position":1,"name":"Strona g\u0142\u00f3wna","item":"http:\/\/rozwody-adwokat.com.pl\/"},{"@type":"ListItem","position":2,"name":"M\u0105\u017c nie chce da\u0107 rozwodu"}]},{"@type":"WebSite","@id":"http:\/\/rozwody-adwokat.com.pl\/#website","url":"http:\/\/rozwody-adwokat.com.pl\/","name":"Rozwody | porady prawne, pozew o rozw\u00f3d, alimenty, podzia\u0142 maj\u0105tku","description":"Sprawy rozwodowe - aspekty prawne dotycz\u0105ce, pozwu, aliment&oacute;w, podzia\u0142u maj\u0105tku","publisher":{"@id":"http:\/\/rozwody-adwokat.com.pl\/#organization"},"potentialAction":[{"@type":"SearchAction","target":{"@type":"EntryPoint","urlTemplate":"http:\/\/rozwody-adwokat.com.pl\/?s={search_term_string}"},"query-input":{"@type":"PropertyValueSpecification","valueRequired":true,"valueName":"search_term_string"}}],"inLanguage":"pl-PL"},{"@type":"Organization","@id":"http:\/\/rozwody-adwokat.com.pl\/#organization","name":"Kancelaria Adwokacka Monika piech-Balicka","url":"http:\/\/rozwody-adwokat.com.pl\/","logo":{"@type":"ImageObject","inLanguage":"pl-PL","@id":"http:\/\/rozwody-adwokat.com.pl\/#\/schema\/logo\/image\/","url":"http:\/\/rozwody-adwokat.com.pl\/wp-content\/uploads\/2023\/07\/adwokat-lodz_logo_red_100x100.jpg","contentUrl":"http:\/\/rozwody-adwokat.com.pl\/wp-content\/uploads\/2023\/07\/adwokat-lodz_logo_red_100x100.jpg","width":100,"height":96,"caption":"Kancelaria Adwokacka Monika piech-Balicka"},"image":{"@id":"http:\/\/rozwody-adwokat.com.pl\/#\/schema\/logo\/image\/"},"sameAs":["https:\/\/www.facebook.com\/pozewrozwodowy"]},{"@type":"Person","@id":"http:\/\/rozwody-adwokat.com.pl\/#\/schema\/person\/94eb9cf5c17b726d00d903bd38ee8582","name":"Adwokat Monika Piech-Balicka","image":{"@type":"ImageObject","inLanguage":"pl-PL","@id":"http:\/\/rozwody-adwokat.com.pl\/#\/schema\/person\/image\/","url":"https:\/\/secure.gravatar.com\/avatar\/8eeaf9340e81997882b55d4b5aa8fee16b519cfaf7811067772c5a4c8d704e2d?s=96&d=mm&r=g","contentUrl":"https:\/\/secure.gravatar.com\/avatar\/8eeaf9340e81997882b55d4b5aa8fee16b519cfaf7811067772c5a4c8d704e2d?s=96&d=mm&r=g","caption":"Adwokat Monika Piech-Balicka"},"url":"http:\/\/rozwody-adwokat.com.pl\/?author=2"}]}},"_links":{"self":[{"href":"http:\/\/rozwody-adwokat.com.pl\/index.php?rest_route=\/wp\/v2\/posts\/213","targetHints":{"allow":["GET"]}}],"collection":[{"href":"http:\/\/rozwody-adwokat.com.pl\/index.php?rest_route=\/wp\/v2\/posts"}],"about":[{"href":"http:\/\/rozwody-adwokat.com.pl\/index.php?rest_route=\/wp\/v2\/types\/post"}],"author":[{"embeddable":true,"href":"http:\/\/rozwody-adwokat.com.pl\/index.php?rest_route=\/wp\/v2\/users\/2"}],"replies":[{"embeddable":true,"href":"http:\/\/rozwody-adwokat.com.pl\/index.php?rest_route=%2Fwp%2Fv2%2Fcomments&post=213"}],"version-history":[{"count":0,"href":"http:\/\/rozwody-adwokat.com.pl\/index.php?rest_route=\/wp\/v2\/posts\/213\/revisions"}],"wp:attachment":[{"href":"http:\/\/rozwody-adwokat.com.pl\/index.php?rest_route=%2Fwp%2Fv2%2Fmedia&parent=213"}],"wp:term":[{"taxonomy":"category","embeddable":true,"href":"http:\/\/rozwody-adwokat.com.pl\/index.php?rest_route=%2Fwp%2Fv2%2Fcategories&post=213"},{"taxonomy":"post_tag","embeddable":true,"href":"http:\/\/rozwody-adwokat.com.pl\/index.php?rest_route=%2Fwp%2Fv2%2Ftags&post=213"}],"curies":[{"name":"wp","href":"https:\/\/api.w.org\/{rel}","templated":true}]}}